{"id":1713,"date":"2022-02-24T10:00:01","date_gmt":"2022-02-24T09:00:01","guid":{"rendered":"https:\/\/www.sedyne.es\/es\/?p=1713\/"},"modified":"2022-02-24T10:12:07","modified_gmt":"2022-02-24T09:12:07","slug":"v-jornada-de-lipidos-sedyne-dislipemias-mixtas-24-de-marzo-de-2022","status":"publish","type":"post","link":"https:\/\/www.sedyne.es\/es\/v-jornada-de-lipidos-sedyne-dislipemias-mixtas-24-de-marzo-de-2022\/","title":{"rendered":"V JORNADA DE L\u00cdPIDOS SEDyNE: Dislipemias mixtas.  24 de Marzo de 2022. 17:30 h."},"content":{"rendered":"<h3 style=\"text-align: left;\"><strong>Si est\u00e1 interesado en la conferencia \u00abon line\u00bb, deber\u00e1<\/strong><\/h3>\n<h3 style=\"text-align: center;\"><strong> <a href=\"https:\/\/amgen.cventevents.com\/O7PQE8?rt=78_3EzBRRE-e1UV7hqXbEQ&amp;RefId=sedyne_hcp\" target=\"_blank\" rel=\"noopener noreferrer\">inscribirse previamente en este enlace<\/a><\/strong><\/h3>\n<h5>Fecha l\u00edmite para realizar la inscripci\u00f3n:\u00a0\u00a0<em>23 de marzo de 2022 a las\u00a0<span class=\"Date__time___6Yq_Q\">19:00 h.<\/span><\/em><\/h5>\n","protected":false},"excerpt":{"rendered":"<p>Si est\u00e1 interesado en la conferencia \u00abon line\u00bb, deber\u00e1 inscribirse previamente en este enlace Fecha l\u00edmite para realizar la inscripci\u00f3n:\u00a0\u00a023 de marzo de 2022 a las\u00a019:00 h.<\/p>\n","protected":false},"author":120,"featured_media":1714,"comment_status":"closed","ping_status":"closed","sticky":false,"template":"","format":"standard","meta":{"footnotes":""},"categories":[39,7,9,1],"tags":[40],"class_list":["post-1713","post","type-post","status-publish","format-standard","has-post-thumbnail","hentry","category-39","category-actividad-cientifica","category-formacion-cursos-y-reuniones-cientificas-es","category-general-es","tag-40"],"_links":{"self":[{"href":"https:\/\/www.sedyne.es\/es\/wp-json\/wp\/v2\/posts\/1713","targetHints":{"allow":["GET"]}}],"collection":[{"href":"https:\/\/www.sedyne.es\/es\/wp-json\/wp\/v2\/posts"}],"about":[{"href":"https:\/\/www.sedyne.es\/es\/wp-json\/wp\/v2\/types\/post"}],"author":[{"embeddable":true,"href":"https:\/\/www.sedyne.es\/es\/wp-json\/wp\/v2\/users\/120"}],"replies":[{"embeddable":true,"href":"https:\/\/www.sedyne.es\/es\/wp-json\/wp\/v2\/comments?post=1713"}],"version-history":[{"count":10,"href":"https:\/\/www.sedyne.es\/es\/wp-json\/wp\/v2\/posts\/1713\/revisions"}],"predecessor-version":[{"id":1724,"href":"https:\/\/www.sedyne.es\/es\/wp-json\/wp\/v2\/posts\/1713\/revisions\/1724"}],"wp:featuredmedia":[{"embeddable":true,"href":"https:\/\/www.sedyne.es\/es\/wp-json\/wp\/v2\/media\/1714"}],"wp:attachment":[{"href":"https:\/\/www.sedyne.es\/es\/wp-json\/wp\/v2\/media?parent=1713"}],"wp:term":[{"taxonomy":"category","embeddable":true,"href":"https:\/\/www.sedyne.es\/es\/wp-json\/wp\/v2\/categories?post=1713"},{"taxonomy":"post_tag","embeddable":true,"href":"https:\/\/www.sedyne.es\/es\/wp-json\/wp\/v2\/tags?post=1713"}],"curies":[{"name":"wp","href":"https:\/\/api.w.org\/{rel}","templated":true}]}}