{"id":2028,"date":"2022-05-23T11:17:56","date_gmt":"2022-05-23T10:17:56","guid":{"rendered":"https:\/\/www.sedyne.es\/?p=2028\/"},"modified":"2022-09-23T12:18:16","modified_gmt":"2022-09-23T11:18:16","slug":"sedynutri-2","status":"publish","type":"post","link":"https:\/\/www.sedyne.es\/es\/sedynutri-2\/","title":{"rendered":"II Curso SEDyNUTRI.  Mayo a diciembre de 2022. De 16:30 a 18:30 h."},"content":{"rendered":"<div class=\"td-paragraph-padding-1\"><\/div>\n<table>\n<tbody>\n<tr>\n<td style=\"text-align: center;\">\n<h4><span style=\"color: #339966;\"><b>Programa<\/b><\/span><\/h4>\n<\/td>\n<\/tr>\n<tr>\n<td><u><b>Jornada 1: 31 Mayo.\u00a0 16:30 h. (2 horas)<br \/>\n<\/b><\/u><span style=\"color: #ff6600;\"><b><span style=\"color: #61a0ed;\">EPOC: Fenotipos, diagn\u00f3stico y tratamiento.<\/span><u><br \/>\n<\/u><\/b><\/span><span style=\"color: #339966;\"><b>Dr. <\/b><b>Javier <\/b><b>Moraza<\/b><b>.\u00a0 <\/b><\/span>M\u00e9dico especialista en Neumolog\u00eda. Hospital Universitario Galdakao-Usansolo.<u><b><br \/>\n<\/b><\/u><b><span style=\"color: #61a0ed;\">Introducci\u00f3n a la Nutrici\u00f3n Enteral en EPOC.\u00a0<\/span><u><br \/>\n<\/u><\/b><span style=\"color: #339966;\"><b>Dra. Aida Cadenas.<\/b> <\/span><b>\u00a0<\/b>M\u00e9dico Especialista en Endocrinolog\u00eda y Nutrici\u00f3n. Hospital Universitario Galdakao-Usansolo.<\/td>\n<\/tr>\n<tr>\n<td><u><b>Jornada 2: 21 Junio.\u00a0 16:30 h. (2 horas)<br \/>\n<\/b><\/u><span style=\"color: #ff6600;\"><b><span style=\"color: #61a0ed;\">Abordaje multidisciplinar de la Insuficiencia Card\u00edaca y su Rehabilitaci\u00f3n.<\/span><u><br \/>\n<\/u><\/b><\/span><b><span style=\"color: #339966;\">Dr. Alberto Esteban Fern\u00e1ndez.<\/span> <\/b><b>\u00a0<\/b>M\u00e9dico Especialista en Cardiolog\u00eda. Hospital Universitario Severo Ochoa.<u><b><br \/>\n<\/b><\/u><span style=\"color: #ff6600;\"><b><span style=\"color: #61a0ed;\">Tratamiento Nutricional en la Rehabilitaci\u00f3n Cardiaca.<\/span><u><br \/>\n<\/u><\/b><\/span><span style=\"color: #339966;\"><b>Dra. Roc\u00edo Villar Taibo.\u00a0 <\/b><\/span>M\u00e9dico Especialista en Endocrinolog\u00eda. Complejo Hospitalario Universitario de Santiago de Compostela.<\/td>\n<\/tr>\n<tr>\n<td><u><b>Jornada 3: 27 Septiembre.\u00a0 16:30 h. (2 horas)<br \/>\n<\/b><\/u><span style=\"color: #ff6600;\"><b><span style=\"color: #61a0ed;\">Cribado de disfagia intrahospitalaria, diagn\u00f3stico y medidas terap\u00e9uticas nutricionales.<\/span><u><br \/>\n<\/u><\/b><\/span><span style=\"color: #339966;\"><b>Dr. Andoni <\/b><b>Monz\u00f3n. <\/b><b>\u00a0<\/b><\/span>M\u00e9dico Especialista en Endocrinolog\u00eda y Nutrici\u00f3n.\u00a0 Hospital Universitario Basurto.<u><b><br \/>\n<\/b><\/u><b><span style=\"color: #61a0ed;\">Disfagia producida Post-Intubaci\u00f3n en UCI.<\/span><u><br \/>\n<\/u><\/b><span style=\"color: #339966;\"><b>Dra Rebeca S\u00e1nchez.\u00a0<\/b><\/span> M\u00e9dico Especialista en Endocrinolog\u00eda y Nutrici\u00f3n.\u00a0 Hospital Universitario Cruces.<\/td>\n<\/tr>\n<tr>\n<td><u><b>Jornada 4: 22 Noviembre.\u00a0 16:30 h. (2 horas)<br \/>\n<\/b><\/u><span style=\"color: #ff6600;\"><b><span style=\"color: #61a0ed;\">Introducci\u00f3n al Trasplante de Pulm\u00f3n.<\/span><u><br \/>\n<\/u><\/b><\/span><b><span style=\"color: #339966;\">Dr. Victor Mora Cuesta.\u00a0<\/span> <\/b>M\u00e9dico Especialista en Neumolog\u00eda.\u00a0 Unidad de Trasplante.\u00a0 Hospital Universitario Marqu\u00e9s de Valdecilla, Santander, Cantabria.<u><b><br \/>\n<\/b><\/u><span style=\"color: #ff6600;\"><b><span style=\"color: #61a0ed;\">Optimizaci\u00f3n nutricional previa a Trasplante pulmonar: objetivos a alcanzar.<\/span><u><br \/>\n<\/u><\/b><\/span><span style=\"color: #339966;\"><b>Dra. Patricia <\/b><b>Mezerhane<\/b><b>.\u00a0 <\/b><span style=\"color: #000000;\">M\u00e9dico Especialista en Endocrinolog\u00eda y Nutrici\u00f3n.<\/span><\/span>\u00a0HU Marqu\u00e9s de Valdecilla, Santander, Cantabria.<\/td>\n<\/tr>\n<tr>\n<td><u><b>Jornada 5: 13 Diciembre.\u00a0 16:30 h. (2 horas)<br \/>\n<\/b><\/u><span style=\"color: #ff6600;\"><span style=\"color: #61a0ed;\"><b>Generalidades de la Fibrosis Pulmonar Idiop\u00e1tica y otras Neumopat\u00edas Intersticiales<\/b><\/span><b><span style=\"color: #61a0ed;\">.<\/span><u><br \/>\n<\/u><\/b><\/span><span style=\"color: #339966;\"><b>Dra. Miren <\/b><b>Bego\u00f1e<\/b><b> Salinas Lasa<\/b><\/span><b><span style=\"color: #339966;\">.\u00a0<\/span> <\/b>M\u00e9dico Especialista en Neumolog\u00eda. Hospital Universitario Basurto.<u><b><br \/>\n<\/b><\/u><span style=\"color: #61a0ed;\"><b>Fibrosis Qu\u00edstica y su relaci\u00f3n con la desnutrici\u00f3n.\u00a0<\/b><\/span><b><u><br \/>\n<\/u><\/b><b><span style=\"color: #339966;\">Dr. Pablo Suarez.<\/span> <\/b>M\u00e9dico Especialista en Endocrinolog\u00eda. Hospital Universitario Nuestra Se\u00f1ora de Candelaria.<\/td>\n<\/tr>\n<\/tbody>\n<\/table>\n<p>&nbsp;<\/p>\n<p><strong>Dirigido a <\/strong>Residentes y Adjuntos especialistas en Endocrinolog\u00eda y Nutrici\u00f3n; Cardiolog\u00eda y Neumolog\u00eda de todo el \u00e1mbito nacional.<\/p>\n<p><strong>Objetivos:\u00a0<\/strong><\/p>\n<ul>\n<li>Describir la etiopatogenia de las enfermedades del aparato respiratorio y del sistema cardiovascular.<\/li>\n<li>Revisar las implicaciones que tienen estas patolog\u00edas en el estado nutricional de los pacientes.<\/li>\n<li>Ahondar en el tratamiento diet\u00e9tico.<\/li>\n<li>Conocer las diferentes modalidades de soporte nutricional.<\/li>\n<\/ul>\n<p>La <strong>Evaluaci\u00f3n del curso<\/strong> se realizar\u00e1 a trav\u00e9s de un <strong>examen final<\/strong>\u00a0sobre los temas tratados en el curso.<\/p>\n<p>Para la <strong><u>obtenci\u00f3n del certificado<\/u><\/strong>\u00a0ser\u00e1 necesario:<\/p>\n<ul>\n<li>Tener un porcentaje de asistencia a las sesiones te\u00f3ricas de al menos el 80%.<\/li>\n<li>Completar la parte pr\u00e1ctica aprobando el examen final.<\/li>\n<\/ul>\n<p><strong><span style=\"color: #339966;\">EL Consejo Vasco de Formaci\u00f3n Continuada de las Profesiones Sanitarias conceder\u00e1 1,4 Cr\u00e9ditos de Formaci\u00f3n Continuada a quienes cumplan los requisitos de asistencia y aprovechamiento del curso.<\/span><\/strong><\/p>\n<p><strong><span style=\"color: #339966;\">Solicitado aval cient\u00edfico a SENPE (Sociedad Espa\u00f1ola de Nutrici\u00f3n Cl\u00ednica y Metabolismo).<\/span><\/strong><\/p>\n<div dir=\"ltr\" style=\"text-align: center;\">\n<hr \/>\n<\/div>\n<div dir=\"ltr\" style=\"text-align: center;\">\n<h4><i>Si est\u00e1 interesado en realizar el curso online, puede<b><u><br \/>\n<\/u><\/b>\u00a0<\/i><b><a href=\"https:\/\/app.bipeek.com\/registro-evento\/fzcWEhpeLEJ0yFY2qqff0VRdkVtvWhPLWiRiPvnYFbwVrADeCLWHmYrpKrMw\">inscribirse en este enlace<\/a>\u00a0<\/b><b><a href=\"https:\/\/www.sedyne.es\/wp-content\/uploads\/2017\/10\/hacer-clic.png\"><img loading=\"lazy\" decoding=\"async\" class=\"wp-image-1885 aligncenter\" src=\"https:\/\/www.sedyne.es\/wp-content\/uploads\/2017\/10\/hacer-clic.png\" alt=\"\" width=\"71\" height=\"71\" srcset=\"https:\/\/www.sedyne.es\/wp-content\/uploads\/2017\/10\/hacer-clic.png 512w, https:\/\/www.sedyne.es\/wp-content\/uploads\/2017\/10\/hacer-clic-150x150.png 150w, https:\/\/www.sedyne.es\/wp-content\/uploads\/2017\/10\/hacer-clic-300x300.png 300w, https:\/\/www.sedyne.es\/wp-content\/uploads\/2017\/10\/hacer-clic-420x420.png 420w\" sizes=\"auto, (max-width: 71px) 100vw, 71px\" \/><\/a><\/b><\/h4>\n<\/div>\n<div dir=\"ltr\" style=\"text-align: center;\"><em><span style=\"color: #3366ff;\">Secretar\u00eda T\u00e9cnica:<\/span>\u00a0 sedyne@tisasa.es\u00a0<\/em><\/div>\n<div dir=\"ltr\" style=\"text-align: center;\"><\/div>\n<div dir=\"ltr\" style=\"text-align: center;\">\n<hr \/>\n<\/div>\n<div dir=\"ltr\" style=\"text-align: center;\">\n<div class=\"td-paragraph-padding-1\">\n<h5 class=\"font-weight-bold text-left txt-tit-mat-cabecera\">Con la colaboraci\u00f3n de<\/h5>\n<p><a href=\"https:\/\/www.sedyne.es\/es\/congreso\/programa\/fresnius-kabi-large-1\/\" rel=\"attachment wp-att-583\"><img loading=\"lazy\" decoding=\"async\" class=\"wp-image-583 aligncenter\" src=\"https:\/\/www.sedyne.es\/wp-content\/uploads\/2017\/10\/fresnius-kabi-large-1.png\" alt=\"\" width=\"113\" height=\"75\" srcset=\"https:\/\/www.sedyne.es\/wp-content\/uploads\/2017\/10\/fresnius-kabi-large-1.png 700w, https:\/\/www.sedyne.es\/wp-content\/uploads\/2017\/10\/fresnius-kabi-large-1-300x200.png 300w, https:\/\/www.sedyne.es\/wp-content\/uploads\/2017\/10\/fresnius-kabi-large-1-631x420.png 631w, https:\/\/www.sedyne.es\/wp-content\/uploads\/2017\/10\/fresnius-kabi-large-1-537x360.png 537w, https:\/\/www.sedyne.es\/wp-content\/uploads\/2017\/10\/fresnius-kabi-large-1-640x426.png 640w, https:\/\/www.sedyne.es\/wp-content\/uploads\/2017\/10\/fresnius-kabi-large-1-681x453.png 681w\" sizes=\"auto, (max-width: 113px) 100vw, 113px\" \/><\/a><\/p>\n<h5 class=\"font-weight-bold text-left txt-tit-mat-cabecera\"><\/h5>\n<\/div>\n<\/div>\n<div dir=\"ltr\" style=\"text-align: center;\"><\/div>\n","protected":false},"excerpt":{"rendered":"<p>Programa Jornada 1: 31 Mayo.\u00a0 16:30 h. (2 horas) EPOC: Fenotipos, diagn\u00f3stico y tratamiento. Dr. Javier Moraza.\u00a0 M\u00e9dico especialista en Neumolog\u00eda. Hospital Universitario Galdakao-Usansolo. Introducci\u00f3n a la Nutrici\u00f3n Enteral en EPOC.\u00a0 Dra. Aida Cadenas. \u00a0M\u00e9dico Especialista en Endocrinolog\u00eda y Nutrici\u00f3n. Hospital Universitario Galdakao-Usansolo. Jornada 2: 21 Junio.\u00a0 16:30 h. (2 horas) Abordaje multidisciplinar de la [&hellip;]<\/p>\n","protected":false},"author":120,"featured_media":2029,"comment_status":"closed","ping_status":"closed","sticky":false,"template":"","format":"standard","meta":{"footnotes":""},"categories":[39,7,2,9,1],"tags":[40],"class_list":["post-2028","post","type-post","status-publish","format-standard","has-post-thumbnail","hentry","category-39","category-actividad-cientifica","category-destacados-es","category-formacion-cursos-y-reuniones-cientificas-es","category-general-es","tag-40"],"_links":{"self":[{"href":"https:\/\/www.sedyne.es\/es\/wp-json\/wp\/v2\/posts\/2028","targetHints":{"allow":["GET"]}}],"collection":[{"href":"https:\/\/www.sedyne.es\/es\/wp-json\/wp\/v2\/posts"}],"about":[{"href":"https:\/\/www.sedyne.es\/es\/wp-json\/wp\/v2\/types\/post"}],"author":[{"embeddable":true,"href":"https:\/\/www.sedyne.es\/es\/wp-json\/wp\/v2\/users\/120"}],"replies":[{"embeddable":true,"href":"https:\/\/www.sedyne.es\/es\/wp-json\/wp\/v2\/comments?post=2028"}],"version-history":[{"count":24,"href":"https:\/\/www.sedyne.es\/es\/wp-json\/wp\/v2\/posts\/2028\/revisions"}],"predecessor-version":[{"id":2110,"href":"https:\/\/www.sedyne.es\/es\/wp-json\/wp\/v2\/posts\/2028\/revisions\/2110"}],"wp:featuredmedia":[{"embeddable":true,"href":"https:\/\/www.sedyne.es\/es\/wp-json\/wp\/v2\/media\/2029"}],"wp:attachment":[{"href":"https:\/\/www.sedyne.es\/es\/wp-json\/wp\/v2\/media?parent=2028"}],"wp:term":[{"taxonomy":"category","embeddable":true,"href":"https:\/\/www.sedyne.es\/es\/wp-json\/wp\/v2\/categories?post=2028"},{"taxonomy":"post_tag","embeddable":true,"href":"https:\/\/www.sedyne.es\/es\/wp-json\/wp\/v2\/tags?post=2028"}],"curies":[{"name":"wp","href":"https:\/\/api.w.org\/{rel}","templated":true}]}}