{"id":239,"date":"2016-12-22T12:53:55","date_gmt":"2016-12-22T11:53:55","guid":{"rendered":"http:\/\/www.sedyne.es\/?p=239"},"modified":"2017-10-25T18:34:44","modified_gmt":"2017-10-25T17:34:44","slug":"1-edicion-del-curso-enfermeria-nutricion","status":"publish","type":"post","link":"https:\/\/www.sedyne.es\/es\/1-edicion-del-curso-enfermeria-nutricion\/","title":{"rendered":"1\u00ba Edici\u00f3n del Curso de Enfermer\u00eda de Nutrici\u00f3n"},"content":{"rendered":"<p><strong><em>OBJETIVO DEL CURSO:<\/em><\/strong> <em>El objetivo fundamental del curso es formar al personal de enfermer\u00eda en el \u00e1rea de nutrici\u00f3n para poder desarrollar sus competencias en el manejo de los pacientes malnutridos en su pr\u00e1ctica cl\u00ednica habitual.<\/em><\/p>\n<p><strong><em>DESARROLLO DEL CURSO:<\/em><\/strong> <em>Cada tema del curso tendr\u00e1 como sede una de las provincias vascas y ser\u00e1 impartido por personal especializado en el \u00e1rea de nutrici\u00f3n, constando de una parte te\u00f3rica y de una parte pr\u00e1ctica a modo de taller.<\/em><\/p>\n<p>&nbsp;<\/p>\n<h3>PROGRAMA<\/h3>\n<p><strong><em>D\u00eda:<\/em> 19\/1\/2017 &#8211; 17:00-20:00h<br \/>\n<em>Lugar:<\/em> Hospital Universitario Basurto Bilbao.\u00a0Pabell\u00f3n Gobierno: Sala Gorbeia (Sal\u00f3n de Actos)<\/strong><\/p>\n<ul>\n<li><strong>Valoraci\u00f3n nutricional<\/strong><br \/>\n<em>Ponente:<\/em> <em>Rebeca S\u00e1nchez <\/em><\/p>\n<ul type=\"a\">\n<li type=\"a\">Cribado en paciente ingresado y ambulatorio<\/li>\n<li type=\"a\">Evaluaci\u00f3n de situaci\u00f3n nutricional del paciente ingresado y ambulatorio: composici\u00f3n corporal<\/li>\n<\/ul>\n<\/li>\n<li><strong>Valoraci\u00f3n de disfagia<\/strong><br \/>\n<em>Ponente:<\/em> <em>Natalia<\/em> <em>Iglesias<\/em><\/p>\n<ul type=\"a\">\n<li type=\"a\">Cribado<\/li>\n<li type=\"a\">Evaluaci\u00f3n de eficacia y seguridad de la degluci\u00f3n: Test de MECV-V<\/li>\n<\/ul>\n<\/li>\n<\/ul>\n<p><strong><em>D\u00eda:<\/em> 2\/2\/2017 &#8211; 17:00-20:00h<br \/>\n<em>Lugar:<\/em> Complejo Hospitalario Donostia.\u00a0Edificio Amara, 4\u00aa planta. Salas Amara 1 y 2<\/strong><\/p>\n<ul>\n<li><strong>Dieta oral<\/strong>\n<ul type=\"a\">\n<li type=\"a\">Elaboraci\u00f3n de una dieta equilibrada y adaptaci\u00f3n de la dieta oral<br \/>\n<em>Ponente: Oihana Monasterio<\/em><\/li>\n<li type=\"a\">Dietas espec\u00edficas para el soporte nutricional en el paciente con insuficiencia renal, cirrosis, enfermedad pulmonar, insuficiencia intestinal<br \/>\n<em>Ponente: Ihintza Larra\u00f1aga<\/em><\/li>\n<\/ul>\n<\/li>\n<li><strong>Suplementaci\u00f3n oral<\/strong><br \/>\n<em>Ponente:<\/em> <em>Sara Valle<\/em><\/li>\n<\/ul>\n<p><strong>\u00a0<\/strong> <strong><em>D\u00eda: <\/em>16\/2\/2017 &#8211; 17:00-20:00h<br \/>\n<em>Lugar:<\/em> Hospital Universitario Araba Vitoria.\u00a0Edificio consultas externas, 2\u00aa planta. Sala sesiones<\/strong><\/p>\n<ul>\n<li><strong>Nutrici\u00f3n parenteral<\/strong>\n<ul type=\"a\">\n<li type=\"a\">V\u00edas centrales de acceso perif\u00e9rico, cuidados y complicaciones<br \/>\n<em>Ponente:<\/em> <em>ETI (Enfermer\u00eda de terapia intravenosa) de Vitoria<\/em><\/li>\n<li type=\"a\">Balance h\u00eddrico<br \/>\n<em>Ponente:<\/em> <em>Carmen Fern\u00e1ndez<\/em><strong>\u00a0<\/strong><\/li>\n<\/ul>\n<\/li>\n<\/ul>\n<p><strong><em>D\u00eda: <\/em>2\/3\/2017 &#8211; 17:00-20:00h<br \/>\n<em>Lugar:<\/em> Hospital Universitario Cruces.\u00a0Sala Ganekogorta<\/strong><\/p>\n<ul>\n<li><strong>Nutrici\u00f3n enteral<\/strong>\n<ul type=\"a\">\n<li type=\"a\">V\u00edas de acceso para la nutrici\u00f3n enteral artificial y sus cuidados<br \/>\n<em>Ponente:<\/em> <em>Ana Rosa Molina<\/em><\/li>\n<\/ul>\n<\/li>\n<li>Preparados nutricionales para alimentaci\u00f3n por sonda y pautas de administraci\u00f3n<br \/>\n<em>Ponente:<\/em> <em>Eider Etxebarria<\/em><\/li>\n<li>Complicaciones<br \/>\n<em>Ponente:<\/em> <em>Leire P\u00e9rez<\/em><\/li>\n<\/ul>\n<p><strong><em>D\u00eda:<\/em> 16\/3\/2017 &#8211; 17:00-20:00h<br \/>\n<\/strong><strong><em>Lugar:<\/em> Hospital Universitario Araba.\u00a0Edificio consultas externas, 2\u00aa planta. Sala sesiones<\/strong><\/p>\n<ul>\n<li><strong>Encuesta diet\u00e9tica y de actividad f\u00edsica<\/strong><br \/>\n<em>Ponente:<\/em> <em>Teresa Serrano<\/em><\/li>\n<li><strong>Valoraci\u00f3n de la composici\u00f3n corporal y c\u00e1lculo de los requerimientos cal\u00f3ricos<\/strong><br \/>\n<em>Ponente:<\/em> <em>Vanesa Arosa<\/em><\/li>\n<li><strong>Dietas adaptadas y prescripci\u00f3n de ejercicio<\/strong><br \/>\n<em>Ponente:<\/em> <em>Teresa Serrano<\/em><\/li>\n<li><strong>Cirug\u00eda bari\u00e1trica: pre y post<\/strong><br \/>\n<em>Ponente:<\/em> <em>Leire Isasa<\/em><\/li>\n<\/ul>\n<p><strong>\u00a0<\/strong> <strong><em>D\u00eda: <\/em>30\/3\/2017 &#8211; 17:00-20:00h<br \/>\n<em>Lugar:<\/em> Hospital Galdakao<\/strong><\/p>\n<ul>\n<li><strong>Soporte nutricional en el paciente oncol\u00f3gico<\/strong><br \/>\n<em>Ponente:<\/em> <em>Laura Calles<\/em><\/li>\n<\/ul>\n<p>&nbsp;<\/p>\n<h3>INSTRUCCIONES para la PRE-INSCRIPCI\u00d3N<\/h3>\n<p>Si est\u00e1 interesado en realizar el curso, debe hacer una <strong><a href=\"http:\/\/www.congresos.tisasa.es\/gestion\/inscripcion.asp?idioma=0&amp;idcongreso=144\" target=\"_blank\">pre-inscripci\u00f3n aqu\u00ed<\/a><\/strong> Una vez valoradas todas las solicitudes por el comit\u00e9 cient\u00edfico, contactaremos con cada una de las personas para comunicarles si est\u00e1 aceptada la solicitud en el curso. En ese momento le indicaremos la manera de formalizar la inscripci\u00f3n y el pago.<\/p>\n<p><strong>Cuota de inscripci\u00f3n al curso: <\/strong><\/p>\n<table style=\"width: 250px;\" border=\"0\" width=\"250\" cellspacing=\"0\" cellpadding=\"0\">\n<tbody>\n<tr>\n<td><strong>Socios<\/strong><\/td>\n<td><strong>No socios<\/strong><\/td>\n<\/tr>\n<tr>\n<td>50 \u20ac<\/td>\n<td>100 \u20ac<\/td>\n<\/tr>\n<\/tbody>\n<\/table>\n<p>&nbsp;<\/p>\n","protected":false},"excerpt":{"rendered":"<p>OBJETIVO DEL CURSO: El objetivo fundamental del curso es formar al personal de enfermer\u00eda en el \u00e1rea de nutrici\u00f3n para poder desarrollar sus competencias en el manejo de los pacientes malnutridos en su pr\u00e1ctica cl\u00ednica habitual. DESARROLLO DEL CURSO: Cada tema del curso tendr\u00e1 como sede una de las provincias vascas y ser\u00e1 impartido por [&hellip;]<\/p>\n","protected":false},"author":120,"featured_media":250,"comment_status":"closed","ping_status":"closed","sticky":false,"template":"","format":"standard","meta":{"footnotes":""},"categories":[28,9],"tags":[31],"class_list":["post-239","post","type-post","status-publish","format-standard","has-post-thumbnail","hentry","category-28","category-formacion-cursos-y-reuniones-cientificas-es","tag-31"],"_links":{"self":[{"href":"https:\/\/www.sedyne.es\/es\/wp-json\/wp\/v2\/posts\/239","targetHints":{"allow":["GET"]}}],"collection":[{"href":"https:\/\/www.sedyne.es\/es\/wp-json\/wp\/v2\/posts"}],"about":[{"href":"https:\/\/www.sedyne.es\/es\/wp-json\/wp\/v2\/types\/post"}],"author":[{"embeddable":true,"href":"https:\/\/www.sedyne.es\/es\/wp-json\/wp\/v2\/users\/120"}],"replies":[{"embeddable":true,"href":"https:\/\/www.sedyne.es\/es\/wp-json\/wp\/v2\/comments?post=239"}],"version-history":[{"count":12,"href":"https:\/\/www.sedyne.es\/es\/wp-json\/wp\/v2\/posts\/239\/revisions"}],"predecessor-version":[{"id":264,"href":"https:\/\/www.sedyne.es\/es\/wp-json\/wp\/v2\/posts\/239\/revisions\/264"}],"wp:featuredmedia":[{"embeddable":true,"href":"https:\/\/www.sedyne.es\/es\/wp-json\/wp\/v2\/media\/250"}],"wp:attachment":[{"href":"https:\/\/www.sedyne.es\/es\/wp-json\/wp\/v2\/media?parent=239"}],"wp:term":[{"taxonomy":"category","embeddable":true,"href":"https:\/\/www.sedyne.es\/es\/wp-json\/wp\/v2\/categories?post=239"},{"taxonomy":"post_tag","embeddable":true,"href":"https:\/\/www.sedyne.es\/es\/wp-json\/wp\/v2\/tags?post=239"}],"curies":[{"name":"wp","href":"https:\/\/api.w.org\/{rel}","templated":true}]}}