{"id":677,"date":"2018-08-10T09:56:43","date_gmt":"2018-08-10T08:56:43","guid":{"rendered":"http:\/\/www.sedyne.es\/?p=677\/"},"modified":"2018-11-09T09:33:09","modified_gmt":"2018-11-09T08:33:09","slug":"ii-edicion-curso-educacion-diabetologica-sedyne","status":"publish","type":"post","link":"https:\/\/www.sedyne.es\/es\/ii-edicion-curso-educacion-diabetologica-sedyne\/","title":{"rendered":"II Edici\u00f3n Curso Educaci\u00f3n Diabetol\u00f3gica SEDyNE"},"content":{"rendered":"<p style=\"text-align: center;\"><span style=\"color: #333399;\">Euskadiko Endokrinologia, Diabetes eta Nutrizio Elkartearen Diabeteseko Heziketa II. Ikastaroa<strong><br \/>\n<\/strong><\/span>2018ko urria eta azaroan<\/p>\n<p style=\"text-align: center;\"><span style=\"color: #333399;\">II Curso de Educaci\u00f3n Diabetol\u00f3gica de la Sociedad de Endocrinolog\u00eda, Diabetes y Nutrici\u00f3n de Euskadi.<strong><br \/>\n<\/strong><\/span>Octubre y Noviembre de 2018<\/p>\n<p style=\"text-align: center;\"><span style=\"color: #333399;\">Araba \/ Bizkaia \/ Gipuzkoa<\/span><\/p>\n<p style=\"text-align: center;\">\u2014<\/p>\n<p>Estimados compa\u00f1eros,<\/p>\n<p>Como ya conoc\u00e9is, en todos los hospitales de Osakidetza se est\u00e1 presentando el problema del relevo general de enfermeras educadoras en Diabetes. En este sentido, se han incorporado a las Consultas de Diabetes una serie de profesionales sanitarios que no han tenido la oportunidad de realizar cursos de formaci\u00f3n espec\u00edfica en el campo de la Educaci\u00f3n Diabetol\u00f3gica. Para intentar paliar esta situaci\u00f3n, la Junta Directiva de SEDyNE organiz\u00f3 un Curso de Educaci\u00f3n Diabetol\u00f3gica en 2014-15.Siendo conscientes de la importancia de formar profesionales competentes en este campo se ha decidido organizar una 2\u00aa edici\u00f3n de este curso.<\/p>\n<p>Este curso est\u00e1 dirigido a enfermer\u00eda y a m\u00e9dicos. En el programa, como pod\u00e9is apreciar, el curso est\u00e1 estructurado en un total de 10 sesiones divididas en dos partes: una primera en la que distintos expertos en diabetes exponen los conceptos te\u00f3ricos fundamentales en cada tema, y una segunda, en forma de taller, en la que se realizan distintas pr\u00e1cticas con las t\u00e9cnicas que se pueden utilizar en el campo de la diabetes. El curso se completa con una sesi\u00f3n en la que los participantes expondr\u00e1n un trabajo que se haya realizado sobre Educaci\u00f3n Diabetol\u00f3gica.<\/p>\n<p>La mayor\u00eda de los ponentes pertenecen a nuestro \u00e1mbito, pero tambi\u00e9n hemos querido invitar a participar a otros expertos de otras Comunidades que indudablemente enriquecer\u00e1n el Curso aportando su particular visi\u00f3n sobre el mundo de la diabetes.<\/p>\n<p>Dado el car\u00e1cter eminentemente pr\u00e1ctico que hemos querido dar al Curso nos vemos obligados a limitar el n\u00famero de participantes a un m\u00e1ximo de 30-40. Si las solicitudes excedieran a este n\u00famero tendremos que realizar una selecci\u00f3n dando prioridad a los Socios de SEDyNE, as\u00ed como a la fecha de solicitud de preinscripci\u00f3n.<\/p>\n<p>El programa del curso as\u00ed como los detalles acerca de la realizaci\u00f3n de la inscripci\u00f3n est\u00e1n detallados en la p\u00e1gina <a href=\"http:\/\/www.sedyne.es\/es\/ii-edicion-curso-educacion-diabetologica-sedyne\/\">web de nuestra Sociedad\u00a0<em> <strong>(www.sedyne.es)<\/strong><\/em><\/a>.<\/p>\n<p>Finalmente indicaros que aunque el Curso tiene un coste econ\u00f3mico no queremos que esto sea un factor limitante a la hora de poder realizarlo, por lo que se ha establecido un importe de 50\u20ac.<\/p>\n<p>Esperando que el programa del Curso sea de vuestro inter\u00e9s recibid un cordial saludo,<\/p>\n<p style=\"text-align: center;\">Leire Isasa, Rebeca S\u00e1nchez, M\u00aa Luisa Antu\u00f1ano, Pilar S\u00e1ez, Yolanda Garc\u00eda, Amelia Oleaga.<\/p>\n<p style=\"text-align: center;\">Junta directiva \u00a0SEDyNE<\/p>\n<hr \/>\n<p style=\"text-align: center;\"><span style=\"color: #ff6600;\">PROGRAMA<br \/>\n<\/span><\/p>\n<p><strong><u><span style=\"color: #333399;\">D\u00eda 4 de octubre de 2018, de 16:00 a 20:00.<\/span><br \/>\nHOSPITAL UNIVERSITARIO Basurto \u2013 Pabell\u00f3n Jado 4\u00aa planta. Sala Docencia<\/u><\/strong><\/p>\n<p>Inauguraci\u00f3n oficial:<br \/>\n<strong>D. Carlos Sola Sarabia. <\/strong>Subdirector de Asistencia Sanitaria Osakidetza.<strong><br \/>\nDr. Jos\u00e9 Agust\u00edn Agirre. <\/strong>Director M\u00e9dico del Hospital Universitario de Basurto.<strong><br \/>\n<\/strong><\/p>\n<p><strong>Dra. Amelia Oleaga. <\/strong>Hospital Universitario Basurto.<strong><br \/>\nDr. Fernando Go\u00f1i. <\/strong>Hospital Universitario Basurto.<strong><br \/>\n<\/strong><\/p>\n<ul>\n<li>Diabetes: Definici\u00f3n, Incidencia y prevalencia, Clasificaci\u00f3n, Diagn\u00f3stico, Cl\u00ednica, Objetivos de control.<\/li>\n<li>Tipos de diabetes.<\/li>\n<li>DM tipo 2. Fisiopatolog\u00eda.<\/li>\n<li>Factores de Riesgo Cardiovascular.<\/li>\n<\/ul>\n<p><strong>Taller: <\/strong>Educadoras Basurto.<strong><br \/>\nD\u00f1a. Purificaci\u00f3n Peral.<br \/>\nD\u00f1a. Teresa Garay.<\/strong><\/p>\n<ul>\n<li>Glucemia capilar. Perfiles\u00a0 gluc\u00e9micos.<\/li>\n<li>Sistemas de medici\u00f3n de glucosa.<\/li>\n<\/ul>\n<p>&nbsp;<\/p>\n<p><span style=\"color: #333399;\"><strong><u>D\u00eda 8<\/u><\/strong><\/span><strong><u><span style=\"color: #333399;\"> de octubre de 2018, de 16:00 a 20:00.<\/span><br \/>\nHOSPITAL UNIVERSITARIO CRUCES &#8211; <a href=\"http:\/\/www.sedyne.es\/wp-content\/uploads\/2018\/10\/sala-arriaga-como-llegar.jpg\">Sala Arriaga<\/a><\/u><br \/>\n<\/strong><\/p>\n<p><strong>Dra. Alicia Cort\u00e1zar.\u00a0 <\/strong>Hospital Universitario Cruces.<\/p>\n<ul>\n<li>Diabetes y embarazo.<\/li>\n<li>Diabetes gestacional.<\/li>\n<\/ul>\n<p><strong>Taller: Educadoras Cruces.<br \/>\nD\u00f1a. Yolanda Salgado.<\/strong> Hospital Universitario Cruces.<strong><br \/>\n<\/strong>Consideraciones sobre Educaci\u00f3n Terape\u00fatica en Diabetes y Embarazo.<strong><br \/>\nD\u00f1a Paloma Jim\u00e9nez.<\/strong> Hospital Universitario Cruces.<strong><br \/>\n<\/strong>Consideraciones sobre Educaci\u00f3n Terape\u00fatica en Diabetes infantil I.<\/p>\n<p>&nbsp;<\/p>\n<p><strong><u><span style=\"color: #333399;\">D\u00eda 16 de octubre de 2018, de 16:00 a 20:00.<\/span><br \/>\n<\/u><\/strong><strong><u>HOSPITAL GALDAKAO &#8211; USANSOLO &#8211; SAL\u00d3N DE ACTOS<br \/>\n<\/u><\/strong><\/p>\n<p><strong>Dra. Maddalen Dublang<\/strong><strong>.\u00a0 <\/strong>Hospital Galdakao \u2013 Usansolo.<strong><br \/>\nDra. Almudena Ruiz.\u00a0 <\/strong>Hospital Galdakao \u2013 Usansolo.<strong><br \/>\nD<\/strong><strong>\u00f1a. Inmaculada Bolinaga. <\/strong>Hospital Galdakao \u2013 Usansolo.<\/p>\n<ul>\n<li>Tratamiento Diet\u00e9tico \/\/ Alimentaci\u00f3n.\n<ul>\n<li>En DM1.<\/li>\n<li>En DM2.<\/li>\n<li>An\u00e1lisis de Composici\u00f3n Corporal.<\/li>\n<li>Dieta en Enfermedad Cel\u00edaca.<\/li>\n<li>Intolerancia Alimentaria<\/li>\n<\/ul>\n<\/li>\n<\/ul>\n<p><strong>Taller: <\/strong>Alimentaci\u00f3n.<strong><br \/>\nD\u00f1a. Paloma Jim\u00e9nez.\u00a0 <\/strong>Hospital Universitario Cruces.<strong><br \/>\nD\u00f1a. Marta Camarero. <\/strong>Hospital Galdakao \u2013 Usansolo.<br \/>\n<strong>D\u00f1a. Itziar Landajo. <\/strong>Hospital Galdakao \u2013 Usansolo.<\/p>\n<ul>\n<li>Alimentaci\u00f3n del ni\u00f1o peque\u00f1o.<\/li>\n<li>Elaboraci\u00f3n de men\u00fas.<\/li>\n<li>Dieta por raciones.<\/li>\n<li>An\u00e1lisis de etiquetado.<\/li>\n<li>Casos Pr\u00e1cticos.<\/li>\n<\/ul>\n<p>&nbsp;<\/p>\n<p><strong><u><span style=\"color: #333399;\">D\u00eda 18 de octubre de 2018, de 16:00 a 20:00.<\/span><br \/>\nCENTRO DE SALUD LAKUA-ARRIAGA &#8211; SALA GORBEA<br \/>\n<\/u><\/strong><a href=\"https:\/\/www.google.com\/maps\/place\/Julian+de+Arrese+Kalea,+5,+01010+Vitoria-Gasteiz,+Araba\/@42.8666883,-2.6855148,17z\/data=!3m1!4b1!4m5!3m4!1s0xd4fc23407520aeb:0xabd53d21743987f!8m2!3d42.8666883!4d-2.6833261\">C\/ Juli\u00e1n de Arrese, 5.\u00a0 Vitoria-Gasteiz\u00a0 <\/a><strong>Puerta de acceso junto a la puerta principal del Centro de Salud.<\/strong><\/p>\n<p><strong>Dr. Gonzalo Maldonado.\u00a0 <\/strong>Hospital Universitario Araba.<strong><br \/>\nDra. M\u00aa \u00c1ngeles Vicente. \u00a0<\/strong>Hospital Universitario Araba.<\/p>\n<ul>\n<li>Antidiab\u00e9ticos Orales cl\u00e1sicos, Incretin-mim\u00e9ticos, an\u00e1logos de GLP-1 e Inhibidores de SGLT2<\/li>\n<\/ul>\n<p><strong>\u00a0I\u00f1aki Lorente.<\/strong>\u00a0 Psic\u00f3logo de la Asociaci\u00f3n Navarra de Diabetes.<\/p>\n<ul>\n<li>Aspectos psicosociales de la persona con Diabetes.<\/li>\n<li>La comunicaci\u00f3n con el paciente.<\/li>\n<li>Actuaci\u00f3n dela enfermer\u00eda en el momento del diagn\u00f3stico y\/o insulinizaci\u00f3n.<\/li>\n<li>Motivaci\u00f3n: activaci\u00f3n y mantenimiento.<\/li>\n<li>Establecimiento de objetivos terap\u00e9uticos.<\/li>\n<li>Instauraci\u00f3n de h\u00e1bitos.<\/li>\n<\/ul>\n<p>&nbsp;<\/p>\n<p><strong><u><span style=\"color: #333399;\">D\u00eda 23 de octubre de 2018, de 16:00 a 20:00.<\/span><br \/>\n<\/u><\/strong><strong><u><a href=\"http:\/\/www.sedyne.es\/wp-content\/uploads\/2018\/10\/plano-hospital-donostia.jpg\">HOSPITAL UNIVERSITARIO DONOSTIA \u2013 Edificio Arantzazu<\/a>, Sala Arantzazu 2<br \/>\n<\/u><\/strong><\/p>\n<p><strong>Dra. Maite P\u00e9rez de Ciriza. <\/strong>Hospital Universitario Donostia<strong><br \/>\nDra. Leire Agea D\u00edaz.\u00a0 <\/strong>Hospital Universitario Donostia<\/p>\n<ul>\n<li>Insulinizaci\u00f3n en el paciente con DM<\/li>\n<li>Tipos de insulinas.<\/li>\n<\/ul>\n<p><strong>Taller:<br \/>\nD. Juan Antonio Mart\u00ednez Mart\u00ednez.\u00a0 <\/strong>DUE Unidad de Diabetes.\u00a0Hospital Universitario Donostia<\/p>\n<ul>\n<li>T\u00e9cnica de inyecci\u00f3n de insulina<\/li>\n<li>Dispositivos de administraci\u00f3n de insulina.<\/li>\n<li>Ajuste de insulina seg\u00fan autocontrol<\/li>\n<li>Calculador de Bolo<\/li>\n<\/ul>\n<p>&nbsp;<\/p>\n<p><strong><u><span style=\"color: #333399;\">D\u00eda 30 de octubre de 2018, de 16:00 a 20:00.<br \/>\n<\/span>HOSPITAL UNIVERSITARIO CRUCES &#8211; <a href=\"http:\/\/www.sedyne.es\/wp-content\/uploads\/2018\/10\/sala-arriaga-como-llegar.jpg\">Sala Arriaga<\/a> y Sala Guridi.<br \/>\n<\/u><\/strong>(La segunda parte, pr\u00e1ctica, se desarrollar\u00e1 en dos grupos)<\/p>\n<p>Complicaciones cr\u00f3nicas:\u00a0 Micro y macroangiopat\u00eda.<\/p>\n<p><strong>Dra. Blanca Gonz\u00e1lez<\/strong><strong>. <\/strong>Hospital Universitario Cruces<\/p>\n<ul>\n<li>Retinopat\u00eda.<\/li>\n<li>Nefropat\u00eda.<\/li>\n<li>Neuropat\u00eda.<\/li>\n<li>Macroangiopat\u00eda.<\/li>\n<\/ul>\n<p><strong>Taller:<br \/>\n<\/strong>Enfermeras educadoras en Diabetes. Hospital Universitario Cruces.<strong><br \/>\nD\u00f1a. Yolanda Salgado.<br \/>\nDra. Rosa Axpe.<\/strong><\/p>\n<ul>\n<li>Detecci\u00f3n de pie de riesgo: exploraci\u00f3n, bioetensi\u00f3metro, doppler, educaci\u00f3n sobre cuidado del pie.<\/li>\n<\/ul>\n<p><strong>D\u00f1a. Luc\u00eda Trincado. <\/strong>Pod\u00f3loga. Unidad de Pie Diab\u00e9tico. Hospital Universitario Cruces.<\/p>\n<ul>\n<li>Estudio y actitud ante un pie diab\u00e9tico ulcerado.<\/li>\n<li>Descargas<\/li>\n<\/ul>\n<p><strong>D\u00f1a. Elena P\u00e9rez Zabala. <\/strong>Enfermera de Hospitalizaci\u00f3n a Domicilio. Hospital Universitario Cruces.<\/p>\n<ul>\n<li>Abordaje local de las \u00falceras.<\/li>\n<\/ul>\n<p>&nbsp;<\/p>\n<p><strong><u><span style=\"color: #333399;\">D\u00eda 6 de noviembre de 2018, de 16:00 a 20:00.<br \/>\n<span style=\"color: #000000;\">HOSPITAL GALDAKAO &#8211; USANSOLO &#8211; SAL\u00d3N DE ACTOS<\/span><\/span><br \/>\n<\/u><\/strong><\/p>\n<p>Complicaciones agudas de la Diabetes Mellitus.<\/p>\n<p><strong>Dra. Yolanda Garc\u00eda. <\/strong>Hospital Galdakao \u2013 Usansolo.<\/p>\n<ul>\n<li>Hipoglucemia<\/li>\n<\/ul>\n<p><strong>Dr. Ram\u00f3n Arteaga. <\/strong>Hospital Galdakao \u2013 Usansolo.<\/p>\n<ul>\n<li>Cetosis. Cetoacidosis.<\/li>\n<li>S\u00edndrome hipergluc\u00e9mico hiperosmolar.<\/li>\n<\/ul>\n<p><strong>Taller:<br \/>\nD\u00f1a. Marta Camarero. <\/strong>Hospital Galdakao \u2013 Usansolo.<strong><br \/>\nD\u00f1a. Itziar Landajo. <\/strong>Hospital Galdakao \u2013 Usansolo.<\/p>\n<ul>\n<li>Utilizaci\u00f3n de Glucag\u00f3n.<\/li>\n<li>Actuaci\u00f3n ante la hipoglucemia.<\/li>\n<li>Indicaciones de Cetonemia\/Cetonuria.<\/li>\n<li>Diferentes recursos educativos: Dramatizaci\u00f3n, Juegos, Teor\u00eda de casos. Videos, etc.<\/li>\n<\/ul>\n<p>&nbsp;<\/p>\n<p><strong><u><span style=\"color: #333399;\">D\u00eda 7 de noviembre de 2018, de 16:00 a 20:00.<\/span><br \/>\nHOSPITAL UNIVERSITARIO BASURTO \u2013 Pabell\u00f3n JADO 4\u00aa planta. Sala Docencia<\/u><br \/>\n<\/strong><\/p>\n<p>El ni\u00f1o diab\u00e9tico y su transici\u00f3n a la edad adulta.<strong><br \/>\nD<\/strong><strong>ra. Concepci\u00f3n Fern\u00e1ndez Ramos.<\/strong> Pediatr\u00eda. Hospital Universitario Basurto.<\/p>\n<p>Nuevas tecnolog\u00edas en Diabetes: BICI y monitorizaci\u00f3n continua de glucosa.<strong><br \/>\nDra. Est\u00edbaliz Ugarte. <\/strong>Hospital Universitario Basurto.<strong><br \/>\nD\u00f1a. Mercedes Novo. <\/strong>Hospital Universitario Basurto.<strong><br \/>\nD\u00f1a. Pilar S\u00e1ez.\u00a0 <\/strong>Hospital Universitario Basurto.<strong><br \/>\n<\/strong><\/p>\n<p>&nbsp;<\/p>\n<p><strong><u><span style=\"color: #333399;\">D\u00eda 13 de noviembre de 2018, de 16:00 a 20:00.<\/span><br \/>\nHOSPITAL UNIVERSITARIO BASURTO \u2013 <a href=\"https:\/\/www.google.com\/maps\/dir\/Iturrizar,+Hospital+Universitario+Basurto,+Montevideo+Etorb.,+18,+48013+Bilbao,+Vizcaya\/sala+kolitza+hospital+de+basurto\/@43.2602524,-2.953044,19.25z\/data=!4m14!4m13!1m5!1m1!1s0xd4e50372d886771:0xa4180eefabd631a2!2m2!1d-2.9527866!2d43.260645!1m5!1m1!1s0xd4e5037292975f5:0x7efa538597c8766d!2m2!1d-2.9530219!2d43.2603525!3e2\">SALA KOLITZA<\/a><br \/>\n<\/u><\/strong><\/p>\n<p>Diabetes y situaciones especiales.<strong><br \/>\nDra. Cristina Moreno. <\/strong>Hospital Universitario Basurto<strong><br \/>\nDr. Aitzol Lizarraga.\u00a0 <\/strong>Hospital Universitario Basurto<\/p>\n<ul>\n<li>Alimentaci\u00f3n en situaciones especiales: Ramad\u00e1m, Celiaqu\u00eda, nefropat\u00eda\u2026<\/li>\n<li>Cirug\u00eda bari\u00e1trica<\/li>\n<li>Actitud ante la cirug\u00eda menor y\/o enfermedades intercurrentes<\/li>\n<li>Manejo de la Diabetes por corticoides<\/li>\n<\/ul>\n<p><strong>Taller:<br \/>\nDr. Seraf\u00edn Murillo<\/strong><\/p>\n<ul>\n<li>Ejercicio y Diabetes.<\/li>\n<li>Manejo del ejercicio.<\/li>\n<\/ul>\n<p>&nbsp;<\/p>\n<p><strong><u><span style=\"color: #333399;\">D\u00eda 14 de noviembre de 2018, de 16:00 a 20:00.<\/span><br \/>\nHOSPITAL UNIVERSITARIO CRUCES &#8211; <a href=\"http:\/\/www.sedyne.es\/wp-content\/uploads\/2018\/10\/sala-arriaga-como-llegar.jpg\">Sala Arriaga<\/a><br \/>\n<\/u><\/strong><\/p>\n<p><strong>Dr. Luis Casta\u00f1o. <\/strong>Hospital Universitario Cruces.<\/p>\n<ul>\n<li>Diabetes tipo 1: Gen\u00e9tica e inmunolog\u00eda.<\/li>\n<li>Diabetes monog\u00e9nicas.<\/li>\n<\/ul>\n<p><strong>Dra. Sonia Gaztambide. <\/strong>Hospital Universitario Cruces.<strong><br \/>\n<\/strong><strong>Conferencia de Clausura:<br \/>\n<\/strong>Estudio sobre prevalencia de diabetes en el Pa\u00eds Vasco. Comparativa con el estudio nacional.<strong><br \/>\n<\/strong><\/p>\n<p><strong>D. \u00d3scar L\u00f3pez Bri\u00f1as.<br \/>\n<\/strong>APPS para Diabetes.<\/p>\n<p><strong>Presentaci\u00f3n de Proyectos.<br \/>\n<\/strong><em>Los trabajos se realizar\u00e1n en grupos de m\u00e1ximo 6 personas.<\/em><br \/>\n<em> Las presentaciones durar\u00e1n entre 3 y 5 minutos.<\/em><strong><br \/>\n<\/strong><\/p>\n<p><em>Moderadores:<strong><br \/>\n<\/strong><\/em><strong>Dra. Amelia Oleaga.\u00a0 <\/strong>Hospital Universitario Basurto<strong><br \/>\nD\u00f1a. Itziar Landajo.\u00a0 <\/strong>Hospital Galdakao \u2013 Usansolo.<\/p>\n<p><strong>Entrega de diplomas.<\/strong><\/p>\n<hr \/>\n<p><strong>SOLICITADA LA\u00a0 ACREDITACI\u00d3N DE FORMACI\u00d3N CONTINUADA.<\/strong><\/p>\n<p><a href=\"http:\/\/www.sedyne.es\/es\/ii-edicion-curso-educacion-diabetologica-sedyne\/cfc\/\" rel=\"attachment wp-att-680\"><img loading=\"lazy\" decoding=\"async\" class=\"alignnone wp-image-680\" src=\"http:\/\/www.sedyne.es\/wp-content\/uploads\/2018\/08\/cfc.jpg\" alt=\"\" width=\"78\" height=\"83\" \/><\/a><strong>PLAZAS LIMITADAS.\u00a0\u00a0 SOLAMENTE SE ACEPTAR\u00c1N 40 INSCRIPCIONES.\u00a0 <\/strong>Solicitud de plaza:<strong> \u00a0\u00a0<\/strong><a href=\"mailto:congreso2@tisasa.es\">congreso2@tisasa.es<\/a><\/p>\n<p><strong>Una vez confirmada la plaza, podr\u00e1 realizar el pago.\u00a0 Imprescindible enviar el justificante de pago a\u00a0 <a href=\"mailto:congreso2@tisasa.es\">congreso2@tisasa.es<\/a><br \/>\n<\/strong><\/p>\n<p><strong>Cuota de inscripci\u00f3n:\u00a0 50 \u20ac<br \/>\nForma de pago<\/strong>: Transferencia a Sedyne.<strong><br \/>\n<\/strong><span style=\"font-family: Arial;\">Caja Laboral\u00a0 ES27 3035 0064 2806 4002 3865.<\/span><\/p>\n<p>IDAZKARITZA \/ SECRETAR\u00cdA:<strong><br \/>\n<\/strong>Tisa Congresos\u00a0 &#8211; Tel.\u00a0\u00a0 944 243 997<strong><br \/>\n<\/strong>Solicitud de plaza: \u00a0<strong>\u00a0<a href=\"mailto:congreso2@tisasa.es\">congreso2@tisasa.es<\/a><\/strong><\/p>\n<p><a href=\"http:\/\/www.sedyne.es\/es\/ii-edicion-curso-educacion-diabetologica-sedyne\/gv-salud_lateral_color\/\" rel=\"attachment wp-att-681\"><img loading=\"lazy\" decoding=\"async\" class=\"wp-image-681 alignright\" src=\"http:\/\/www.sedyne.es\/wp-content\/uploads\/2018\/08\/GV-salud_lateral_color.jpg\" alt=\"\" width=\"204\" height=\"89\" srcset=\"https:\/\/www.sedyne.es\/wp-content\/uploads\/2018\/08\/GV-salud_lateral_color.jpg 1251w, https:\/\/www.sedyne.es\/wp-content\/uploads\/2018\/08\/GV-salud_lateral_color-300x131.jpg 300w, https:\/\/www.sedyne.es\/wp-content\/uploads\/2018\/08\/GV-salud_lateral_color-768x336.jpg 768w, https:\/\/www.sedyne.es\/wp-content\/uploads\/2018\/08\/GV-salud_lateral_color-1024x449.jpg 1024w, https:\/\/www.sedyne.es\/wp-content\/uploads\/2018\/08\/GV-salud_lateral_color-959x420.jpg 959w, https:\/\/www.sedyne.es\/wp-content\/uploads\/2018\/08\/GV-salud_lateral_color-640x280.jpg 640w, https:\/\/www.sedyne.es\/wp-content\/uploads\/2018\/08\/GV-salud_lateral_color-681x298.jpg 681w\" sizes=\"auto, (max-width: 204px) 100vw, 204px\" \/><\/a> <a href=\"http:\/\/www.sedyne.es\/es\/ii-edicion-curso-educacion-diabetologica-sedyne\/osakidetza\/\" rel=\"attachment wp-att-682\"><img loading=\"lazy\" decoding=\"async\" class=\"alignnone wp-image-682\" src=\"http:\/\/www.sedyne.es\/wp-content\/uploads\/2018\/08\/osakidetza.jpg\" alt=\"\" width=\"104\" height=\"89\" srcset=\"https:\/\/www.sedyne.es\/wp-content\/uploads\/2018\/08\/osakidetza.jpg 1650w, https:\/\/www.sedyne.es\/wp-content\/uploads\/2018\/08\/osakidetza-300x259.jpg 300w, https:\/\/www.sedyne.es\/wp-content\/uploads\/2018\/08\/osakidetza-768x662.jpg 768w, https:\/\/www.sedyne.es\/wp-content\/uploads\/2018\/08\/osakidetza-1024x883.jpg 1024w, https:\/\/www.sedyne.es\/wp-content\/uploads\/2018\/08\/osakidetza-487x420.jpg 487w, https:\/\/www.sedyne.es\/wp-content\/uploads\/2018\/08\/osakidetza-640x552.jpg 640w, https:\/\/www.sedyne.es\/wp-content\/uploads\/2018\/08\/osakidetza-681x587.jpg 681w\" sizes=\"auto, (max-width: 104px) 100vw, 104px\" \/><\/a><\/p>\n","protected":false},"excerpt":{"rendered":"<p>Euskadiko Endokrinologia, Diabetes eta Nutrizio Elkartearen Diabeteseko Heziketa II. Ikastaroa 2018ko urria eta azaroan II Curso de Educaci\u00f3n Diabetol\u00f3gica de la Sociedad de Endocrinolog\u00eda, Diabetes y Nutrici\u00f3n de Euskadi. Octubre y Noviembre de 2018 Araba \/ Bizkaia \/ Gipuzkoa \u2014 Estimados compa\u00f1eros, Como ya conoc\u00e9is, en todos los hospitales de Osakidetza se est\u00e1 presentando el [&hellip;]<\/p>\n","protected":false},"author":120,"featured_media":676,"comment_status":"closed","ping_status":"closed","sticky":false,"template":"","format":"standard","meta":{"footnotes":""},"categories":[32,7,9,1],"tags":[33],"class_list":["post-677","post","type-post","status-publish","format-standard","has-post-thumbnail","hentry","category-32","category-actividad-cientifica","category-formacion-cursos-y-reuniones-cientificas-es","category-general-es","tag-33"],"_links":{"self":[{"href":"https:\/\/www.sedyne.es\/es\/wp-json\/wp\/v2\/posts\/677","targetHints":{"allow":["GET"]}}],"collection":[{"href":"https:\/\/www.sedyne.es\/es\/wp-json\/wp\/v2\/posts"}],"about":[{"href":"https:\/\/www.sedyne.es\/es\/wp-json\/wp\/v2\/types\/post"}],"author":[{"embeddable":true,"href":"https:\/\/www.sedyne.es\/es\/wp-json\/wp\/v2\/users\/120"}],"replies":[{"embeddable":true,"href":"https:\/\/www.sedyne.es\/es\/wp-json\/wp\/v2\/comments?post=677"}],"version-history":[{"count":51,"href":"https:\/\/www.sedyne.es\/es\/wp-json\/wp\/v2\/posts\/677\/revisions"}],"predecessor-version":[{"id":828,"href":"https:\/\/www.sedyne.es\/es\/wp-json\/wp\/v2\/posts\/677\/revisions\/828"}],"wp:featuredmedia":[{"embeddable":true,"href":"https:\/\/www.sedyne.es\/es\/wp-json\/wp\/v2\/media\/676"}],"wp:attachment":[{"href":"https:\/\/www.sedyne.es\/es\/wp-json\/wp\/v2\/media?parent=677"}],"wp:term":[{"taxonomy":"category","embeddable":true,"href":"https:\/\/www.sedyne.es\/es\/wp-json\/wp\/v2\/categories?post=677"},{"taxonomy":"post_tag","embeddable":true,"href":"https:\/\/www.sedyne.es\/es\/wp-json\/wp\/v2\/tags?post=677"}],"curies":[{"name":"wp","href":"https:\/\/api.w.org\/{rel}","templated":true}]}}